[{"@context":"https:\/\/schema.org\/","@type":"Article","@id":"https:\/\/www.spidy.cz\/politika-nam-neimponuje\/#Article","mainEntityOfPage":"https:\/\/www.spidy.cz\/politika-nam-neimponuje\/","headline":"Politika n\u00e1m neimponuje","name":"Politika n\u00e1m neimponuje","description":"My lid\u00e9 si nejednou na n\u011bco st\u011b\u017eujeme. A mezi t\u00edm, \u010demu se od n\u00e1s dost\u00e1v\u00e1 kritiky nej\u010dast\u011bji, je politika. A nen\u00ed ani divu. Jednak si ji politici nejednou zaslou\u017e\u00ed, a jednak je politika jednou z\u00a0nemnoha v\u011bc\u00ed, u nich\u017e si vesm\u011bs v\u0161ichni mysl\u00edme, \u017ee jim rozum\u00edme, a tud\u00ed\u017e do toho i m\u016f\u017eeme mluvit. Prost\u011b m\u00e1me snad [&hellip;]","datePublished":"2021-12-22","dateModified":"2023-05-11","author":{"@type":"Person","@id":"https:\/\/www.spidy.cz\/author\/#Person","name":"","url":"https:\/\/www.spidy.cz\/author\/","identifier":1,"image":{"@type":"ImageObject","@id":"https:\/\/secure.gravatar.com\/avatar\/5522eb0fc8481dea5f6519f6a0b15ee2c46358d48429b281fd7c49cbb5a929f9?s=96&d=mm&r=g","url":"https:\/\/secure.gravatar.com\/avatar\/5522eb0fc8481dea5f6519f6a0b15ee2c46358d48429b281fd7c49cbb5a929f9?s=96&d=mm&r=g","height":96,"width":96}},"publisher":{"@type":"Organization","name":"spidy.cz","logo":{"@type":"ImageObject","@id":"\/logo.png","url":"\/logo.png","width":600,"height":60}},"image":{"@type":"ImageObject","@id":"https:\/\/www.spidy.cz\/wp-content\/uploads\/komun%C3%A1ln%C3%AD%20volby.jpg","url":"https:\/\/www.spidy.cz\/wp-content\/uploads\/komun%C3%A1ln%C3%AD%20volby.jpg","height":0,"width":0},"url":"https:\/\/www.spidy.cz\/politika-nam-neimponuje\/","about":["Politika"],"wordCount":434,"articleBody":"My lid\u00e9 si nejednou na n\u011bco st\u011b\u017eujeme. A mezi t\u00edm, \u010demu se od n\u00e1s dost\u00e1v\u00e1 kritiky nej\u010dast\u011bji, je politika. A nen\u00ed ani divu. Jednak si ji politici nejednou zaslou\u017e\u00ed, a jednak je politika jednou z\u00a0nemnoha v\u011bc\u00ed, u nich\u017e si vesm\u011bs v\u0161ichni mysl\u00edme, \u017ee jim rozum\u00edme, a tud\u00ed\u017e do toho i m\u016f\u017eeme mluvit.Prost\u011b m\u00e1me snad ka\u017ed\u00fd p\u0159edstavu o tom, jak by takov\u00e1 politika m\u011bla vypadat, a kdy\u017e se ti, kdo jsou u kormidla, nezachovaj\u00ed p\u0159esn\u011b podle na\u0161ich p\u0159edstav, sn\u00e1\u0161\u00ed se na n\u011b tu men\u0161\u00ed a tu v\u011bt\u0161\u00ed vlna kritiky. \u017de to d\u011blaj\u00ed \u0161patn\u011b, p\u0159\u00edpadn\u011b \u017ee ned\u011blaj\u00ed nic. A to za hodn\u011b velk\u00e9 pen\u00edze, o jak\u00fdch si norm\u00e1ln\u00ed \u010dlov\u011bk, kter\u00fd je \u017eiv\u00ed, m\u016f\u017ee nechat leda tak zd\u00e1t.Jist\u011b, jsou tu i \u00fadob\u00ed, ve kter\u00fdch si politiky pochvalujeme, jen\u017ee t\u011bch neb\u00fdv\u00e1 zase a\u017e tak mnoho. Zn\u00e1te to \u2013 kdy\u017e t\u0159eba v\u00a0dev\u011btaosmdes\u00e1t\u00e9m roce padnul dosavadn\u00ed re\u017eim, mnoz\u00ed z\u00a0n\u00e1s vkl\u00e1dali nad\u011bje do nov\u00fdch, demokraticky zvolen\u00fdch tv\u00e1\u0159\u00ed, a v\u00a0euforii jsme m\u011bli ty nov\u00e9 politiky snad i p\u0159\u00edmo za dokonal\u00e9. Ne\u017e jsme zjistili, \u017ee tito takov\u00ed nejsou a \u017ee n\u00e1m nep\u0159inesou automaticky vytou\u017een\u00e9 \u0161t\u011bst\u00ed, blahobyt a prosperitu. A kdy\u017e n\u00e1m p\u0159edchoz\u00ed vl\u00e1da zvy\u0161ovala platy a d\u016fchody vysoko nad r\u00e1mec b\u011b\u017en\u00fdch zvyklost\u00ed, bylo tomu tak podobn\u011b.Ale v\u011bt\u0161inou si st\u011b\u017eujeme. Proto\u017ee se politici nepostarali o to, abychom si bezpracn\u011b \u017eili jako v\u00a0bavlnce, a sp\u00ed\u0161e se staraj\u00ed o to, aby tak \u017eili hlavn\u011b oni sami. Inu, to v\u00edte, jsou to taky jenom lidi. A kdykoliv politici neud\u011blaj\u00ed n\u011bco tak, jak je n\u00e1m to mil\u00e9, u\u017e to schyt\u00e1vaj\u00ed klidn\u011b i ze v\u0161ech stran. A nikdy se nezavd\u011b\u010d\u00ed v\u0161em sv\u00fdm ob\u010dan\u016fm, proto\u017ee to vlastn\u011b ani nen\u00ed mo\u017en\u00e9. Ka\u017ed\u00fd \u010dlov\u011bk je jin\u00fd, ka\u017ed\u00fd m\u00e1 sv\u00e9 p\u0159edstavy, a ne v\u0161em se d\u00e1 splnit to, co tito od politiky o\u010dek\u00e1vaj\u00ed.A tak se politici ve v\u011bt\u0161in\u011b p\u0159\u00edpad\u016f stali osobami neobl\u00edben\u00fdmi, han\u011bn\u00fdmi, zkr\u00e1tka \u201aostudou spole\u010dnosti\u2018. A n\u011bkdy i pln\u00fdm pr\u00e1vem. Ale n\u011bkdy tak\u00e9 ne. N\u011bkdy dopl\u00e1cej\u00ed jenom na to, co nezvl\u00e1dli, proto\u017ee to prost\u011b zvl\u00e1dnout ne\u0161lo. A nikdo nen\u00ed dokonal\u00fd.                                                                                                                                                                                                                                                                                                                                                                                        4\/5 - (10 votes)        "},{"@context":"https:\/\/schema.org\/","@type":"BreadcrumbList","itemListElement":[{"@type":"ListItem","position":1,"name":"Politika n\u00e1m neimponuje","item":"https:\/\/www.spidy.cz\/politika-nam-neimponuje\/#breadcrumbitem"}]}]