[{"@context":"https:\/\/schema.org\/","@type":"Article","@id":"https:\/\/www.spidy.cz\/kriz-svateho-jana-od-krize\/#Article","mainEntityOfPage":"https:\/\/www.spidy.cz\/kriz-svateho-jana-od-krize\/","headline":"K\u0159\u00ed\u017e svat\u00e9ho Jana od K\u0159\u00ed\u017ee","name":"K\u0159\u00ed\u017e svat\u00e9ho Jana od K\u0159\u00ed\u017ee","description":"Letos uplynulo ji\u017e t\u0159icet let od smrti slavn\u00e9ho \u0161pan\u011blsk\u00e9ho mal\u00ed\u0159e Salv\u00e1tora Dal\u00edho. Jeho tvorbu v\u00fdrazn\u011b inspirovala jeho man\u017eelka Gala, kter\u00e1 se stala p\u0159edlohou pro mnoho jeho obraz\u016f. D\u00e1le v&nbsp;jeho obrazech \u010dasto vid\u00edme motiv z&nbsp;obrazu Klek\u00e1n\u00ed, kter\u00fd se mlad\u00e9mu Dal\u00edmu jevil natolik depresivn\u00ed, \u017ee m\u011bl nutkavou pot\u0159ebu motiv modlic\u00edch se zem\u011bd\u011blc\u016f v&nbsp;poli zpracov\u00e1vat ve sv\u00e9 tvorb\u011b. [&hellip;]","datePublished":"2019-05-21","dateModified":"2023-05-11","author":{"@type":"Person","@id":"https:\/\/www.spidy.cz\/author\/#Person","name":"","url":"https:\/\/www.spidy.cz\/author\/","identifier":1,"image":{"@type":"ImageObject","@id":"https:\/\/secure.gravatar.com\/avatar\/5522eb0fc8481dea5f6519f6a0b15ee2c46358d48429b281fd7c49cbb5a929f9?s=96&d=mm&r=g","url":"https:\/\/secure.gravatar.com\/avatar\/5522eb0fc8481dea5f6519f6a0b15ee2c46358d48429b281fd7c49cbb5a929f9?s=96&d=mm&r=g","height":96,"width":96}},"publisher":{"@type":"Organization","name":"spidy.cz","logo":{"@type":"ImageObject","@id":"\/logo.png","url":"\/logo.png","width":600,"height":60}},"image":{"@type":"ImageObject","@id":"https:\/\/www.spidy.cz\/wp-content\/uploads\/img_a345222_w2172_t1558876331.jpg","url":"https:\/\/www.spidy.cz\/wp-content\/uploads\/img_a345222_w2172_t1558876331.jpg","height":0,"width":0},"url":"https:\/\/www.spidy.cz\/kriz-svateho-jana-od-krize\/","about":["Hobby"],"wordCount":408,"articleBody":"\tLetos uplynulo ji\u017e t\u0159icet let od smrti slavn\u00e9ho \u0161pan\u011blsk\u00e9ho mal\u00ed\u0159e Salv\u00e1tora Dal\u00edho. Jeho tvorbu v\u00fdrazn\u011b inspirovala jeho man\u017eelka Gala, kter\u00e1 se stala p\u0159edlohou pro mnoho jeho obraz\u016f. D\u00e1le v&nbsp;jeho obrazech \u010dasto vid\u00edme motiv z&nbsp;obrazu Klek\u00e1n\u00ed, kter\u00fd se mlad\u00e9mu Dal\u00edmu jevil natolik depresivn\u00ed, \u017ee m\u011bl nutkavou pot\u0159ebu motiv modlic\u00edch se zem\u011bd\u011blc\u016f v&nbsp;poli zpracov\u00e1vat ve sv\u00e9 tvorb\u011b. T\u0159et\u00ed inspirace je v&nbsp;oblasti duchovn\u00ed. Ostatn\u011b n\u00e1bo\u017eensk\u00e9 motivy se staly kl\u00ed\u010dovou pro tvorbu mnoha v\u00fdtvarn\u00fdch um\u011blc\u016f.\t\tDal\u00ed poch\u00e1zel z&nbsp;katolick\u00e9ho \u0160pan\u011blska a k&nbsp;n\u00e1bo\u017eenstv\u00ed m\u011bl jako mnoho \u0161pan\u011blsk\u00fdch um\u011blc\u016f velmi ambivalentn\u00ed vztah a to i p\u0159esto, \u017ee v&nbsp;ml\u00e1d\u00ed konvertoval ke katolictv\u00ed. Tato ambivalence se tak\u00e9 v\u00fdrazn\u011b projevuje v&nbsp;jeho tvorb\u011b. Asi nejzn\u00e1m\u011bj\u0161\u00ed z&nbsp;obraz\u016f tohoto druhu je K\u0159\u00ed\u017e Svat\u00e9ho Jana od K\u0159\u00ed\u017ee. Tento obraz je inspirovan\u00fd kresbou \u0161pan\u011blsk\u00e9ho mystika svat\u00e9ho Jana od K\u0159\u00ed\u017ee, i kdy\u017e motiv voln\u011b interpretuje.\t\tSvat\u00fd Jan od K\u0159\u00ed\u017ee byl \u0159eholn\u00edk, kter\u00fd \u017eil v&nbsp;\u0161estn\u00e1ct\u00e9m stolet\u00ed, n\u00e1bo\u017eensk\u00fd reform\u00e1tor, spisovatel, b\u00e1sn\u00edk a mystik. Jeho jm\u00e9no si spojujeme p\u0159edev\u0161\u00edm se svatou Terezi\u00ed z&nbsp;\u00c1vily, se kterou ho pojilo hlubok\u00e9 duchovn\u00ed sourozenectv\u00ed, a z\u00e1rove\u0148 se spolu s&nbsp;Terezi\u00ed pod\u00edlel na reform\u011b karmelit\u00e1nsk\u00e9ho \u0159\u00e1du. K&nbsp;ohlasu tohoto sv\u011btce se hl\u00e1s\u00ed v\u011bt\u0161ina \u0161pan\u011blsk\u00fdch b\u00e1sn\u00edk\u016f, v\u010detn\u011b t\u011bch, kte\u0159\u00ed k&nbsp;v\u00ed\u0159e a n\u00e1bo\u017eenstv\u00ed nemaj\u00ed vliv.\tJan tak\u00e9 nakreslil pov\u011bstnou kresbu Je\u017e\u00ed\u0161e na k\u0159\u00ed\u017ei. Od ostatn\u00edch zobrazen\u00ed Krista je to odli\u0161n\u00e1 perspektiva. Je\u017e\u00ed\u0161 se d\u00edv\u00e1 do temn\u00fdch hlubin. T\u011bmito hlubinami je m\u00edn\u011bno samotn\u00e9 utrpen\u00ed pekla.\tV&nbsp;pojet\u00ed Dal\u00edho motivu t\u00e9to kresby se jedn\u00e1 o snovou vizi. Proto na k\u0159\u00ed\u017ei chyb\u00ed h\u0159eby, kter\u00e9 by podle um\u011blce cel\u00fd motiv znehodnocovaly. Kristus se d\u00edv\u00e1 do hlubin mo\u0159e, na kter\u00e9m pluje ryb\u00e1\u0159sk\u00e1 b\u00e1rka. Je jakoby ztracena v&nbsp;mo\u0159i. A co je peklo jin\u00e9ho, ne\u017e ztr\u00e1ta jak\u00e9koli zakotvenosti nebo v&nbsp;na\u0161\u00ed \u0159e\u010di ztr\u00e1ta existenci\u00e1ln\u00ed identity?                                                                                                                                                                                                                                                                                                                                                                                        4.3\/5 - (16 votes)        "},{"@context":"https:\/\/schema.org\/","@type":"BreadcrumbList","itemListElement":[{"@type":"ListItem","position":1,"name":"K\u0159\u00ed\u017e svat\u00e9ho Jana od K\u0159\u00ed\u017ee","item":"https:\/\/www.spidy.cz\/kriz-svateho-jana-od-krize\/#breadcrumbitem"}]}]